{"id":7202,"date":"2019-10-04T10:20:33","date_gmt":"2019-10-04T08:20:33","guid":{"rendered":"http:\/\/gav.hr\/?p=7202"},"modified":"2021-01-12T20:06:41","modified_gmt":"2021-01-12T18:06:41","slug":"predstavljena-knjiga-sibenska-gimnazija-od-1909-do-2019","status":"publish","type":"post","link":"https:\/\/gav.hr\/?p=7202","title":{"rendered":"Predstavljena knjiga \u201e\u0160ibenska gimnazija od 1909. do 2019.\u201c"},"content":{"rendered":"\n<p>Dana 30. rujna\n2019. u Interpretacijskom centru katedrale sv. Jakova Civitas Sacra\npredstavljena je knjiga \u201e\u0160ibenska gimnazija 1909. \u2013 2019.\u201c, autorica Jasminke\nPai\u0107 i Dra\u017eenke Po\u017ear- Perkovi\u0107, u duhu proslave 110. godina duge tradicije\ngimnazijskog odgoja i obrazovanja.<\/p>\n\n\n\n<p>Prepunu dvoranu interpretacijskog\ncentra pozdravili su predstavnici grada, \u017eupanije i \u0160ibenske biskupije, a me\u0111u\nuzvanicima su bili istaknuti pojedinci javnog i kulturnog \u017eivota \u0160ibenika.\nPosebno su emotivno predstavljanje knjige popratili umirovljeni gimnazijski\nprofesori koji su svojim radom i zalaganjem ispisali dijelom i same stranice\nmonografije. <strong><!--more Vi\u0161e--><\/strong><\/p>\n\n\n\n<p>Knjiga je nastala\nu suradnji Gimnazije Antuna Vran\u010di\u0107a i Dr\u017eavnog arhiva u \u0160ibeniku i donosi\npregled doga\u0111aja od daleke 1909. do danas. Rad na knjizi trajao je tri godine. Posebni\nje naglasak stavljen na noviju povijest \u0161ibenske gimnazije koja podrazumijeva\nrazne slobodne aktivnosti, projekte, me\u0111unarodne suradnje, poznate godi\u0161nje\n\u0161kolske manifestacije i posebnosti same \u0161kole, poput \u010dinjenice da je za\u0161ti\u0107eno\nkulturno dobro, \u010dlanica ACES-a, ambasador Europskog parlamenta s nizom\npriznanja za svoje dugogodi\u0161nje djelovanje. Uredni\u0161tvo knjige (Mila Kundajica,\nVilijam Laki\u0107, Ivana Marelja, Nata\u0161a Mu\u010dalo, Josip Pai\u0107 i Ivica Polji\u010dak) na\n\u010delu s autoricama Jasminkom Pai\u0107 i Dra\u017eenkom Po\u017ear-Perkovi\u0107, s ponosom\nizdvajaju niz atraktivnih novijih projekata poput pokretanja internetskog\nradija GAV, motivacijskog skupa za ure\u0111enje okoli\u0161a, stavljanje natpisa na\nzgradu \u0161kole te ponovno o\u017eivljavanje jedine srednjo\u0161kolske \u017eenske klape\n\u201eGimnazijalke\u201c koje su \u0161kolu opjevale u himni s popratnim spotom. <\/p>\n\n\n\n<p>\u0160ibenska gimnazija\nje, od svojih po\u010detaka, bila klju\u010dna karika u organizaciji i razvoju gradskog,\n\u017eupanijskog i hrvatskog \u017eivota. Ona je to i danas. U dana\u0161njim, kao i\nprethodnim u\u010denicima, prepoznajemo marljive ljude, budu\u0107e stru\u010dnjake,\nznanstvenike, umjetnike, politi\u010dare, kreativne i inovativne, obrazovane,\nmoralne i pametne pojedince koji \u0107e pridonositi razvoju i uspje\u0161noj budu\u0107nosti\nHrvatske.<\/p>\n\n\n\n<p>Namjera nam je da\nlistaju\u0107i ovu knjigu osjetite atmosferu koja vlada u \u0161koli i da \u0161ibenska\ngimnazija poti\u010de \u0161iroko op\u0107e obrazovanje, razvijanje kreativnosti i\ninovativnosti, vlastitih sposobnosti, interesa i moralnih vrijednosti.<\/p>\n\n\n\n<p>U knjizi \u201e\u0160ibenska gimnazija 1909. \u2013 2019.\u201c nastojali smo rije\u010dju, dokumentima, citatom ili fotografijom obuhvatiti sve generacije koje su prolazile gimnazijskim hodnicima, uspinjale se uz njezine legendarne stepenice i kona\u010dno se otisnule u \u017eivot sa svjedod\u017ebom \u0161ibenske gimnazije. U glazbenom dijelu programa nastupila je klapa \u201eGimnazijalke\u201c i u\u010denica Nina Lucija Perina prigodnim instrumentalom \u2013 Bachov Preludij iz 1. suite za violon\u010delo. <\/p>\n\n\n\n<p style=\"text-align:right\">Jasminka Pai\u0107, prof.<\/p>\n\n\n\n<!-- default-view.php -->\n<div\n\tclass=\"ngg-galleryoverview default-view \"\n\tid=\"ngg-gallery-3223e75dbc5f000eca67d7b6656ec36e-1\">\n\n\t\t<!-- Thumbnails -->\n\t\t\t\t<div id=\"ngg-image-0\" class=\"ngg-gallery-thumbnail-box ngg-3-columns\" >\n\t\t\t\t        <div class=\"ngg-gallery-thumbnail\">\n            <a href=\"https:\/\/gav.hr\/wp-content\/gallery\/monografija-gav-2019\/DSC_5154.jpg\"\n               title=\"\"\n               data-src=\"https:\/\/gav.hr\/wp-content\/gallery\/monografija-gav-2019\/DSC_5154.jpg\"\n               data-thumbnail=\"https:\/\/gav.hr\/wp-content\/gallery\/monografija-gav-2019\/thumbs\/thumbs_DSC_5154.jpg\"\n               data-image-id=\"110\"\n               data-title=\"DSC_5154\"\n               data-description=\"\"\n               data-image-slug=\"dsc_5154\"\n               class=\"ngg-simplelightbox\" rel=\"3223e75dbc5f000eca67d7b6656ec36e\">\n                <img\n                    title=\"DSC_5154\"\n                    alt=\"DSC_5154\"\n                    src=\"https:\/\/gav.hr\/wp-content\/gallery\/monografija-gav-2019\/thumbs\/thumbs_DSC_5154.jpg\"\n                    width=\"240\"\n                    height=\"160\"\n                    style=\"max-width:100%;\"\n                \/>\n            <\/a>\n        <\/div>\n\t\t\t\t\t\t\t<\/div> \n\t\t\t\n\t\t\t\t<div id=\"ngg-image-1\" class=\"ngg-gallery-thumbnail-box ngg-3-columns\" >\n\t\t\t\t        <div class=\"ngg-gallery-thumbnail\">\n            <a href=\"https:\/\/gav.hr\/wp-content\/gallery\/monografija-gav-2019\/DSC_5160.jpg\"\n               title=\"\"\n               data-src=\"https:\/\/gav.hr\/wp-content\/gallery\/monografija-gav-2019\/DSC_5160.jpg\"\n               data-thumbnail=\"https:\/\/gav.hr\/wp-content\/gallery\/monografija-gav-2019\/thumbs\/thumbs_DSC_5160.jpg\"\n               data-image-id=\"111\"\n               data-title=\"DSC_5160\"\n               data-description=\"\"\n               data-image-slug=\"dsc_5160\"\n               class=\"ngg-simplelightbox\" rel=\"3223e75dbc5f000eca67d7b6656ec36e\">\n                <img\n                    title=\"DSC_5160\"\n                    alt=\"DSC_5160\"\n                    src=\"https:\/\/gav.hr\/wp-content\/gallery\/monografija-gav-2019\/thumbs\/thumbs_DSC_5160.jpg\"\n                    width=\"240\"\n                    height=\"160\"\n                    style=\"max-width:100%;\"\n                \/>\n            <\/a>\n        <\/div>\n\t\t\t\t\t\t\t<\/div> \n\t\t\t\n\t\t\t\t<div id=\"ngg-image-2\" class=\"ngg-gallery-thumbnail-box ngg-3-columns\" >\n\t\t\t\t        <div class=\"ngg-gallery-thumbnail\">\n            <a href=\"https:\/\/gav.hr\/wp-content\/gallery\/monografija-gav-2019\/DSC_5161.jpg\"\n               title=\"\"\n               data-src=\"https:\/\/gav.hr\/wp-content\/gallery\/monografija-gav-2019\/DSC_5161.jpg\"\n               data-thumbnail=\"https:\/\/gav.hr\/wp-content\/gallery\/monografija-gav-2019\/thumbs\/thumbs_DSC_5161.jpg\"\n               data-image-id=\"112\"\n               data-title=\"DSC_5161\"\n               data-description=\"\"\n               data-image-slug=\"dsc_5161\"\n               class=\"ngg-simplelightbox\" rel=\"3223e75dbc5f000eca67d7b6656ec36e\">\n                <img\n                    title=\"DSC_5161\"\n                    alt=\"DSC_5161\"\n                    src=\"https:\/\/gav.hr\/wp-content\/gallery\/monografija-gav-2019\/thumbs\/thumbs_DSC_5161.jpg\"\n                    width=\"240\"\n                    height=\"160\"\n                    style=\"max-width:100%;\"\n                \/>\n            <\/a>\n        <\/div>\n\t\t\t\t\t\t\t<\/div> \n\t\t\t\n\t\t\t\t<div id=\"ngg-image-3\" class=\"ngg-gallery-thumbnail-box ngg-3-columns\" >\n\t\t\t\t        <div class=\"ngg-gallery-thumbnail\">\n            <a href=\"https:\/\/gav.hr\/wp-content\/gallery\/monografija-gav-2019\/DSC_5181.jpg\"\n               title=\"\"\n               data-src=\"https:\/\/gav.hr\/wp-content\/gallery\/monografija-gav-2019\/DSC_5181.jpg\"\n               data-thumbnail=\"https:\/\/gav.hr\/wp-content\/gallery\/monografija-gav-2019\/thumbs\/thumbs_DSC_5181.jpg\"\n               data-image-id=\"113\"\n               data-title=\"DSC_5181\"\n               data-description=\"\"\n               data-image-slug=\"dsc_5181\"\n               class=\"ngg-simplelightbox\" rel=\"3223e75dbc5f000eca67d7b6656ec36e\">\n                <img\n                    title=\"DSC_5181\"\n                    alt=\"DSC_5181\"\n                    src=\"https:\/\/gav.hr\/wp-content\/gallery\/monografija-gav-2019\/thumbs\/thumbs_DSC_5181.jpg\"\n                    width=\"240\"\n                    height=\"160\"\n                    style=\"max-width:100%;\"\n                \/>\n            <\/a>\n        <\/div>\n\t\t\t\t\t\t\t<\/div> \n\t\t\t\n\t\t\t\t<div id=\"ngg-image-4\" class=\"ngg-gallery-thumbnail-box ngg-3-columns\" >\n\t\t\t\t        <div class=\"ngg-gallery-thumbnail\">\n            <a href=\"https:\/\/gav.hr\/wp-content\/gallery\/monografija-gav-2019\/DSC_5188.jpg\"\n               title=\"\"\n               data-src=\"https:\/\/gav.hr\/wp-content\/gallery\/monografija-gav-2019\/DSC_5188.jpg\"\n               data-thumbnail=\"https:\/\/gav.hr\/wp-content\/gallery\/monografija-gav-2019\/thumbs\/thumbs_DSC_5188.jpg\"\n               data-image-id=\"114\"\n               data-title=\"DSC_5188\"\n               data-description=\"\"\n               data-image-slug=\"dsc_5188\"\n               class=\"ngg-simplelightbox\" rel=\"3223e75dbc5f000eca67d7b6656ec36e\">\n                <img\n                    title=\"DSC_5188\"\n                    alt=\"DSC_5188\"\n                    src=\"https:\/\/gav.hr\/wp-content\/gallery\/monografija-gav-2019\/thumbs\/thumbs_DSC_5188.jpg\"\n                    width=\"240\"\n                    height=\"160\"\n                    style=\"max-width:100%;\"\n                \/>\n            <\/a>\n        <\/div>\n\t\t\t\t\t\t\t<\/div> \n\t\t\t\n\t\t\t\t<div id=\"ngg-image-5\" class=\"ngg-gallery-thumbnail-box ngg-3-columns\" >\n\t\t\t\t        <div class=\"ngg-gallery-thumbnail\">\n            <a href=\"https:\/\/gav.hr\/wp-content\/gallery\/monografija-gav-2019\/DSC_5197.jpg\"\n               title=\"\"\n               data-src=\"https:\/\/gav.hr\/wp-content\/gallery\/monografija-gav-2019\/DSC_5197.jpg\"\n               data-thumbnail=\"https:\/\/gav.hr\/wp-content\/gallery\/monografija-gav-2019\/thumbs\/thumbs_DSC_5197.jpg\"\n               data-image-id=\"115\"\n               data-title=\"DSC_5197\"\n               data-description=\"\"\n               data-image-slug=\"dsc_5197\"\n               class=\"ngg-simplelightbox\" rel=\"3223e75dbc5f000eca67d7b6656ec36e\">\n                <img\n                    title=\"DSC_5197\"\n                    alt=\"DSC_5197\"\n                    src=\"https:\/\/gav.hr\/wp-content\/gallery\/monografija-gav-2019\/thumbs\/thumbs_DSC_5197.jpg\"\n                    width=\"240\"\n                    height=\"160\"\n                    style=\"max-width:100%;\"\n                \/>\n            <\/a>\n        <\/div>\n\t\t\t\t\t\t\t<\/div> \n\t\t\t\n\t\t\t\t<div id=\"ngg-image-6\" class=\"ngg-gallery-thumbnail-box ngg-3-columns\" >\n\t\t\t\t        <div class=\"ngg-gallery-thumbnail\">\n            <a href=\"https:\/\/gav.hr\/wp-content\/gallery\/monografija-gav-2019\/DSC_5198.jpg\"\n               title=\"\"\n               data-src=\"https:\/\/gav.hr\/wp-content\/gallery\/monografija-gav-2019\/DSC_5198.jpg\"\n               data-thumbnail=\"https:\/\/gav.hr\/wp-content\/gallery\/monografija-gav-2019\/thumbs\/thumbs_DSC_5198.jpg\"\n               data-image-id=\"116\"\n               data-title=\"DSC_5198\"\n               data-description=\"\"\n               data-image-slug=\"dsc_5198\"\n               class=\"ngg-simplelightbox\" rel=\"3223e75dbc5f000eca67d7b6656ec36e\">\n                <img\n                    title=\"DSC_5198\"\n                    alt=\"DSC_5198\"\n                    src=\"https:\/\/gav.hr\/wp-content\/gallery\/monografija-gav-2019\/thumbs\/thumbs_DSC_5198.jpg\"\n                    width=\"240\"\n                    height=\"160\"\n                    style=\"max-width:100%;\"\n                \/>\n            <\/a>\n        <\/div>\n\t\t\t\t\t\t\t<\/div> \n\t\t\t\n\t\t\t\t<div id=\"ngg-image-7\" class=\"ngg-gallery-thumbnail-box ngg-3-columns\" >\n\t\t\t\t        <div class=\"ngg-gallery-thumbnail\">\n            <a href=\"https:\/\/gav.hr\/wp-content\/gallery\/monografija-gav-2019\/DSC_5209.jpg\"\n               title=\"\"\n               data-src=\"https:\/\/gav.hr\/wp-content\/gallery\/monografija-gav-2019\/DSC_5209.jpg\"\n               data-thumbnail=\"https:\/\/gav.hr\/wp-content\/gallery\/monografija-gav-2019\/thumbs\/thumbs_DSC_5209.jpg\"\n               data-image-id=\"117\"\n               data-title=\"DSC_5209\"\n               data-description=\"\"\n               data-image-slug=\"dsc_5209\"\n               class=\"ngg-simplelightbox\" rel=\"3223e75dbc5f000eca67d7b6656ec36e\">\n                <img\n                    title=\"DSC_5209\"\n                    alt=\"DSC_5209\"\n                    src=\"https:\/\/gav.hr\/wp-content\/gallery\/monografija-gav-2019\/thumbs\/thumbs_DSC_5209.jpg\"\n                    width=\"240\"\n                    height=\"160\"\n                    style=\"max-width:100%;\"\n                \/>\n            <\/a>\n        <\/div>\n\t\t\t\t\t\t\t<\/div> \n\t\t\t\n\t\t\t\t<div id=\"ngg-image-8\" class=\"ngg-gallery-thumbnail-box ngg-3-columns\" >\n\t\t\t\t        <div class=\"ngg-gallery-thumbnail\">\n            <a href=\"https:\/\/gav.hr\/wp-content\/gallery\/monografija-gav-2019\/DSC_5212.jpg\"\n               title=\"\"\n               data-src=\"https:\/\/gav.hr\/wp-content\/gallery\/monografija-gav-2019\/DSC_5212.jpg\"\n               data-thumbnail=\"https:\/\/gav.hr\/wp-content\/gallery\/monografija-gav-2019\/thumbs\/thumbs_DSC_5212.jpg\"\n               data-image-id=\"118\"\n               data-title=\"DSC_5212\"\n               data-description=\"\"\n               data-image-slug=\"dsc_5212\"\n               class=\"ngg-simplelightbox\" rel=\"3223e75dbc5f000eca67d7b6656ec36e\">\n                <img\n                    title=\"DSC_5212\"\n                    alt=\"DSC_5212\"\n                    src=\"https:\/\/gav.hr\/wp-content\/gallery\/monografija-gav-2019\/thumbs\/thumbs_DSC_5212.jpg\"\n                    width=\"240\"\n                    height=\"160\"\n                    style=\"max-width:100%;\"\n                \/>\n            <\/a>\n        <\/div>\n\t\t\t\t\t\t\t<\/div> \n\t\t\t\n\t\t\t\t<div id=\"ngg-image-9\" class=\"ngg-gallery-thumbnail-box ngg-3-columns\" >\n\t\t\t\t        <div class=\"ngg-gallery-thumbnail\">\n            <a href=\"https:\/\/gav.hr\/wp-content\/gallery\/monografija-gav-2019\/DSC_5215.jpg\"\n               title=\"\"\n               data-src=\"https:\/\/gav.hr\/wp-content\/gallery\/monografija-gav-2019\/DSC_5215.jpg\"\n               data-thumbnail=\"https:\/\/gav.hr\/wp-content\/gallery\/monografija-gav-2019\/thumbs\/thumbs_DSC_5215.jpg\"\n               data-image-id=\"119\"\n               data-title=\"DSC_5215\"\n               data-description=\"\"\n               data-image-slug=\"dsc_5215\"\n               class=\"ngg-simplelightbox\" rel=\"3223e75dbc5f000eca67d7b6656ec36e\">\n                <img\n                    title=\"DSC_5215\"\n                    alt=\"DSC_5215\"\n                    src=\"https:\/\/gav.hr\/wp-content\/gallery\/monografija-gav-2019\/thumbs\/thumbs_DSC_5215.jpg\"\n                    width=\"240\"\n                    height=\"160\"\n                    style=\"max-width:100%;\"\n                \/>\n            <\/a>\n        <\/div>\n\t\t\t\t\t\t\t<\/div> \n\t\t\t\n\t\t\t\t<div id=\"ngg-image-10\" class=\"ngg-gallery-thumbnail-box ngg-3-columns\" >\n\t\t\t\t        <div class=\"ngg-gallery-thumbnail\">\n            <a href=\"https:\/\/gav.hr\/wp-content\/gallery\/monografija-gav-2019\/DSC_5232.jpg\"\n               title=\"\"\n               data-src=\"https:\/\/gav.hr\/wp-content\/gallery\/monografija-gav-2019\/DSC_5232.jpg\"\n               data-thumbnail=\"https:\/\/gav.hr\/wp-content\/gallery\/monografija-gav-2019\/thumbs\/thumbs_DSC_5232.jpg\"\n               data-image-id=\"120\"\n               data-title=\"DSC_5232\"\n               data-description=\"\"\n               data-image-slug=\"dsc_5232\"\n               class=\"ngg-simplelightbox\" rel=\"3223e75dbc5f000eca67d7b6656ec36e\">\n                <img\n                    title=\"DSC_5232\"\n                    alt=\"DSC_5232\"\n                    src=\"https:\/\/gav.hr\/wp-content\/gallery\/monografija-gav-2019\/thumbs\/thumbs_DSC_5232.jpg\"\n                    width=\"240\"\n                    height=\"160\"\n                    style=\"max-width:100%;\"\n                \/>\n            <\/a>\n        <\/div>\n\t\t\t\t\t\t\t<\/div> \n\t\t\t\n\t\t\t\t<div id=\"ngg-image-11\" class=\"ngg-gallery-thumbnail-box ngg-3-columns\" >\n\t\t\t\t        <div class=\"ngg-gallery-thumbnail\">\n            <a href=\"https:\/\/gav.hr\/wp-content\/gallery\/monografija-gav-2019\/DSC_5242.jpg\"\n               title=\"\"\n               data-src=\"https:\/\/gav.hr\/wp-content\/gallery\/monografija-gav-2019\/DSC_5242.jpg\"\n               data-thumbnail=\"https:\/\/gav.hr\/wp-content\/gallery\/monografija-gav-2019\/thumbs\/thumbs_DSC_5242.jpg\"\n               data-image-id=\"121\"\n               data-title=\"DSC_5242\"\n               data-description=\"\"\n               data-image-slug=\"dsc_5242\"\n               class=\"ngg-simplelightbox\" rel=\"3223e75dbc5f000eca67d7b6656ec36e\">\n                <img\n                    title=\"DSC_5242\"\n                    alt=\"DSC_5242\"\n                    src=\"https:\/\/gav.hr\/wp-content\/gallery\/monografija-gav-2019\/thumbs\/thumbs_DSC_5242.jpg\"\n                    width=\"240\"\n                    height=\"160\"\n                    style=\"max-width:100%;\"\n                \/>\n            <\/a>\n        <\/div>\n\t\t\t\t\t\t\t<\/div> \n\t\t\t\n\t\t\t\t<div id=\"ngg-image-12\" class=\"ngg-gallery-thumbnail-box ngg-3-columns\" >\n\t\t\t\t        <div class=\"ngg-gallery-thumbnail\">\n            <a href=\"https:\/\/gav.hr\/wp-content\/gallery\/monografija-gav-2019\/DSC_5252.jpg\"\n               title=\"\"\n               data-src=\"https:\/\/gav.hr\/wp-content\/gallery\/monografija-gav-2019\/DSC_5252.jpg\"\n               data-thumbnail=\"https:\/\/gav.hr\/wp-content\/gallery\/monografija-gav-2019\/thumbs\/thumbs_DSC_5252.jpg\"\n               data-image-id=\"122\"\n               data-title=\"DSC_5252\"\n               data-description=\"\"\n               data-image-slug=\"dsc_5252\"\n               class=\"ngg-simplelightbox\" rel=\"3223e75dbc5f000eca67d7b6656ec36e\">\n                <img\n                    title=\"DSC_5252\"\n                    alt=\"DSC_5252\"\n                    src=\"https:\/\/gav.hr\/wp-content\/gallery\/monografija-gav-2019\/thumbs\/thumbs_DSC_5252.jpg\"\n                    width=\"240\"\n                    height=\"160\"\n                    style=\"max-width:100%;\"\n                \/>\n            <\/a>\n        <\/div>\n\t\t\t\t\t\t\t<\/div> \n\t\t\t\n\t\t\t\t<div id=\"ngg-image-13\" class=\"ngg-gallery-thumbnail-box ngg-3-columns\" >\n\t\t\t\t        <div class=\"ngg-gallery-thumbnail\">\n            <a href=\"https:\/\/gav.hr\/wp-content\/gallery\/monografija-gav-2019\/DSC_5264.jpg\"\n               title=\"\"\n               data-src=\"https:\/\/gav.hr\/wp-content\/gallery\/monografija-gav-2019\/DSC_5264.jpg\"\n               data-thumbnail=\"https:\/\/gav.hr\/wp-content\/gallery\/monografija-gav-2019\/thumbs\/thumbs_DSC_5264.jpg\"\n               data-image-id=\"123\"\n               data-title=\"DSC_5264\"\n               data-description=\"\"\n               data-image-slug=\"dsc_5264\"\n               class=\"ngg-simplelightbox\" rel=\"3223e75dbc5f000eca67d7b6656ec36e\">\n                <img\n                    title=\"DSC_5264\"\n                    alt=\"DSC_5264\"\n                    src=\"https:\/\/gav.hr\/wp-content\/gallery\/monografija-gav-2019\/thumbs\/thumbs_DSC_5264.jpg\"\n                    width=\"240\"\n                    height=\"160\"\n                    style=\"max-width:100%;\"\n                \/>\n            <\/a>\n        <\/div>\n\t\t\t\t\t\t\t<\/div> \n\t\t\t\n\t\t\t\t<div id=\"ngg-image-14\" class=\"ngg-gallery-thumbnail-box ngg-3-columns\" >\n\t\t\t\t        <div class=\"ngg-gallery-thumbnail\">\n            <a href=\"https:\/\/gav.hr\/wp-content\/gallery\/monografija-gav-2019\/DSC_5276.jpg\"\n               title=\"\"\n               data-src=\"https:\/\/gav.hr\/wp-content\/gallery\/monografija-gav-2019\/DSC_5276.jpg\"\n               data-thumbnail=\"https:\/\/gav.hr\/wp-content\/gallery\/monografija-gav-2019\/thumbs\/thumbs_DSC_5276.jpg\"\n               data-image-id=\"124\"\n               data-title=\"DSC_5276\"\n               data-description=\"\"\n               data-image-slug=\"dsc_5276\"\n               class=\"ngg-simplelightbox\" rel=\"3223e75dbc5f000eca67d7b6656ec36e\">\n                <img\n                    title=\"DSC_5276\"\n                    alt=\"DSC_5276\"\n                    src=\"https:\/\/gav.hr\/wp-content\/gallery\/monografija-gav-2019\/thumbs\/thumbs_DSC_5276.jpg\"\n                    width=\"240\"\n                    height=\"160\"\n                    style=\"max-width:100%;\"\n                \/>\n            <\/a>\n        <\/div>\n\t\t\t\t\t\t\t<\/div> \n\t\t\t\n\t\t\t\t<div id=\"ngg-image-15\" class=\"ngg-gallery-thumbnail-box ngg-3-columns\" >\n\t\t\t\t        <div class=\"ngg-gallery-thumbnail\">\n            <a href=\"https:\/\/gav.hr\/wp-content\/gallery\/monografija-gav-2019\/DSC_5285.jpg\"\n               title=\"\"\n               data-src=\"https:\/\/gav.hr\/wp-content\/gallery\/monografija-gav-2019\/DSC_5285.jpg\"\n               data-thumbnail=\"https:\/\/gav.hr\/wp-content\/gallery\/monografija-gav-2019\/thumbs\/thumbs_DSC_5285.jpg\"\n               data-image-id=\"125\"\n               data-title=\"DSC_5285\"\n               data-description=\"\"\n               data-image-slug=\"dsc_5285\"\n               class=\"ngg-simplelightbox\" rel=\"3223e75dbc5f000eca67d7b6656ec36e\">\n                <img\n                    title=\"DSC_5285\"\n                    alt=\"DSC_5285\"\n                    src=\"https:\/\/gav.hr\/wp-content\/gallery\/monografija-gav-2019\/thumbs\/thumbs_DSC_5285.jpg\"\n                    width=\"240\"\n                    height=\"160\"\n                    style=\"max-width:100%;\"\n                \/>\n            <\/a>\n        <\/div>\n\t\t\t\t\t\t\t<\/div> \n\t\t\t\n\t\n\t<br style=\"clear: both\" \/>\n\n\t\n\t\t<!-- Pagination -->\n\t<div class='ngg-clear'><\/div>\t<\/div>\n\n","protected":false},"excerpt":{"rendered":"<p>Dana 30. rujna 2019. u Interpretacijskom centru katedrale sv. Jakova Civitas Sacra predstavljena je knjiga \u201e\u0160ibenska gimnazija 1909. \u2013 2019.\u201c, autorica Jasminke Pai\u0107 i Dra\u017eenke Po\u017ear- Perkovi\u0107, u duhu proslave 110. godina duge tradicije gimnazijskog odgoja i obrazovanja. Prepunu dvoranu interpretacijskog centra pozdravili su predstavnici grada, \u017eupanije i \u0160ibenske biskupije, a me\u0111u uzvanicima su bili&hellip;<\/p>\n","protected":false},"author":2,"featured_media":0,"comment_status":"closed","ping_status":"closed","sticky":false,"template":"","format":"standard","meta":{"ngg_post_thumbnail":0,"_links_to":"","_links_to_target":""},"categories":[22,8],"tags":[],"_links":{"self":[{"href":"https:\/\/gav.hr\/index.php?rest_route=\/wp\/v2\/posts\/7202"}],"collection":[{"href":"https:\/\/gav.hr\/index.php?rest_route=\/wp\/v2\/posts"}],"about":[{"href":"https:\/\/gav.hr\/index.php?rest_route=\/wp\/v2\/types\/post"}],"author":[{"embeddable":true,"href":"https:\/\/gav.hr\/index.php?rest_route=\/wp\/v2\/users\/2"}],"replies":[{"embeddable":true,"href":"https:\/\/gav.hr\/index.php?rest_route=%2Fwp%2Fv2%2Fcomments&post=7202"}],"version-history":[{"count":3,"href":"https:\/\/gav.hr\/index.php?rest_route=\/wp\/v2\/posts\/7202\/revisions"}],"predecessor-version":[{"id":7205,"href":"https:\/\/gav.hr\/index.php?rest_route=\/wp\/v2\/posts\/7202\/revisions\/7205"}],"wp:attachment":[{"href":"https:\/\/gav.hr\/index.php?rest_route=%2Fwp%2Fv2%2Fmedia&parent=7202"}],"wp:term":[{"taxonomy":"category","embeddable":true,"href":"https:\/\/gav.hr\/index.php?rest_route=%2Fwp%2Fv2%2Fcategories&post=7202"},{"taxonomy":"post_tag","embeddable":true,"href":"https:\/\/gav.hr\/index.php?rest_route=%2Fwp%2Fv2%2Ftags&post=7202"}],"curies":[{"name":"wp","href":"https:\/\/api.w.org\/{rel}","templated":true}]}}