{"id":7228,"date":"2019-10-08T15:13:18","date_gmt":"2019-10-08T13:13:18","guid":{"rendered":"http:\/\/gav.hr\/?p=7228"},"modified":"2019-10-08T15:13:44","modified_gmt":"2019-10-08T13:13:44","slug":"posadi-drvo-ne-budi-panj","status":"publish","type":"post","link":"https:\/\/gav.hr\/?p=7228","title":{"rendered":"Posadi drvo, ne budi panj"},"content":{"rendered":"\n<p>Povodom\ngra\u0111anske inicijative Dani kolektivne sadnje drve\u0107a u Hrvatskoj u goste smo pozvali\ning. \u0161umarstva Vicu Krn\u010devi\u0107a. Na\u0161 biv\u0161i gimnazijalac u prirodi je odr\u017eao predavanje\no \u0161umi, savr\u0161enom sustavu, koji sad, na\u017ealost, treba na\u0161u pomo\u0107. Na \u0161umskom sastanku\nprisustvovalo je pedeset u\u010denika GAV-a s profesoricom Frankom M. Bujas te u\u010denici\niz Tehni\u010dke i Turisti\u010dko-ugostiteljske \u0161kole s profesoricama M. \u0160krapi\u0107 i V.\nNerali\u0107. <strong><!--more Vi\u0161e--><\/strong><\/p>\n\n\n\n<p>Cilj\ngra\u0111anske inicijative je potaknuti gra\u0111ane, udruge, tvrtke i ustanove da u tri\ndana diljem Hrvatske na privatnim i javnim povr\u0161inama zasade \u0161to vi\u0161e stabala kako\nbi doprinijeli ozelenjivanju svojih \u017eivotnih sredina i time istaknuli va\u017enosti i\nbrojne dobrobiti drve\u0107a i zelenila, osobito u urbaniziranim sredinama. Kako je\nza to potrebna vi\u0161e nego dobra koordinacija i suradnja s lokalnim jedinicama samouprave, \u010dekamo poziv za organiziranu sadnju. U me\u0111uvremenu, budu\u0107i\nda svatko mo\u017ee zasaditi drvo, sadite svi, bilo u vlastitim ili javnim sredinama,\nporu\u010duje vrtlar gerilac, Vice Krn\u010devi\u0107. <\/p>\n","protected":false},"excerpt":{"rendered":"<p>Povodom gra\u0111anske inicijative Dani kolektivne sadnje drve\u0107a u Hrvatskoj u goste smo pozvali ing. \u0161umarstva Vicu Krn\u010devi\u0107a. Na\u0161 biv\u0161i gimnazijalac u prirodi je odr\u017eao predavanje o \u0161umi, savr\u0161enom sustavu, koji sad, na\u017ealost, treba na\u0161u pomo\u0107. Na \u0161umskom sastanku prisustvovalo je pedeset u\u010denika GAV-a s profesoricom Frankom M. Bujas te u\u010denici iz Tehni\u010dke i Turisti\u010dko-ugostiteljske \u0161kole&hellip;<\/p>\n","protected":false},"author":2,"featured_media":0,"comment_status":"closed","ping_status":"closed","sticky":false,"template":"","format":"standard","meta":{"ngg_post_thumbnail":0,"_links_to":"","_links_to_target":""},"categories":[8],"tags":[],"_links":{"self":[{"href":"https:\/\/gav.hr\/index.php?rest_route=\/wp\/v2\/posts\/7228"}],"collection":[{"href":"https:\/\/gav.hr\/index.php?rest_route=\/wp\/v2\/posts"}],"about":[{"href":"https:\/\/gav.hr\/index.php?rest_route=\/wp\/v2\/types\/post"}],"author":[{"embeddable":true,"href":"https:\/\/gav.hr\/index.php?rest_route=\/wp\/v2\/users\/2"}],"replies":[{"embeddable":true,"href":"https:\/\/gav.hr\/index.php?rest_route=%2Fwp%2Fv2%2Fcomments&post=7228"}],"version-history":[{"count":2,"href":"https:\/\/gav.hr\/index.php?rest_route=\/wp\/v2\/posts\/7228\/revisions"}],"predecessor-version":[{"id":7230,"href":"https:\/\/gav.hr\/index.php?rest_route=\/wp\/v2\/posts\/7228\/revisions\/7230"}],"wp:attachment":[{"href":"https:\/\/gav.hr\/index.php?rest_route=%2Fwp%2Fv2%2Fmedia&parent=7228"}],"wp:term":[{"taxonomy":"category","embeddable":true,"href":"https:\/\/gav.hr\/index.php?rest_route=%2Fwp%2Fv2%2Fcategories&post=7228"},{"taxonomy":"post_tag","embeddable":true,"href":"https:\/\/gav.hr\/index.php?rest_route=%2Fwp%2Fv2%2Ftags&post=7228"}],"curies":[{"name":"wp","href":"https:\/\/api.w.org\/{rel}","templated":true}]}}