{"id":7281,"date":"2019-10-13T13:37:20","date_gmt":"2019-10-13T11:37:20","guid":{"rendered":"http:\/\/gav.hr\/?p=7281"},"modified":"2021-01-12T20:08:59","modified_gmt":"2021-01-12T18:08:59","slug":"klapa-gimnazijalke-uvelicala-otvaranje-izlozbe-ponistre-portuni-i-vrata-moga-grada-autorice-jagode-sablic","status":"publish","type":"post","link":"https:\/\/gav.hr\/?p=7281","title":{"rendered":"Klapa Gimnazijalke uveli\u010dala otvaranje izlo\u017ebe &#8220;Ponistre, portuni i vrata moga grada&#8221; autorice Jagode Sabli\u0107"},"content":{"rendered":"\n<p>Na sve\u010danom otvaranju izlo\u017ebe pod nazivom &#8220;Ponistre, portuni i vrata moga grada&#8221; autorice Jagode Sabli\u0107 dana 10.10.2019&nbsp; u Gradskoj knji\u017enici u \u0160ibeniku sudjelovala je klapa Gimnazijalke izvedbom pjesama Cetina i Nemoj \u0161iti stara majko. <strong><!--more Vi\u0161e--><\/strong><\/p>\n\n\n\n<!-- default-view.php -->\n<div\n\tclass=\"ngg-galleryoverview default-view \"\n\tid=\"ngg-gallery-0177eb63bf976629dce86eaf70fea70b-1\">\n\n\t\t<!-- Thumbnails -->\n\t\t\t\t<div id=\"ngg-image-0\" class=\"ngg-gallery-thumbnail-box ngg-3-columns\" >\n\t\t\t\t        <div class=\"ngg-gallery-thumbnail\">\n            <a href=\"https:\/\/gav.hr\/wp-content\/gallery\/klapa-gimnazijalke-ponistre-portuni-i-vrata-moga-grada-2019\/01.jpg\"\n               title=\"\"\n               data-src=\"https:\/\/gav.hr\/wp-content\/gallery\/klapa-gimnazijalke-ponistre-portuni-i-vrata-moga-grada-2019\/01.jpg\"\n               data-thumbnail=\"https:\/\/gav.hr\/wp-content\/gallery\/klapa-gimnazijalke-ponistre-portuni-i-vrata-moga-grada-2019\/thumbs\/thumbs_01.jpg\"\n               data-image-id=\"148\"\n               data-title=\"01\"\n               data-description=\"\"\n               data-image-slug=\"01-15\"\n               class=\"ngg-simplelightbox\" rel=\"0177eb63bf976629dce86eaf70fea70b\">\n                <img\n                    title=\"01\"\n                    alt=\"01\"\n                    src=\"https:\/\/gav.hr\/wp-content\/gallery\/klapa-gimnazijalke-ponistre-portuni-i-vrata-moga-grada-2019\/thumbs\/thumbs_01.jpg\"\n                    width=\"240\"\n                    height=\"160\"\n                    style=\"max-width:100%;\"\n                \/>\n            <\/a>\n        <\/div>\n\t\t\t\t\t\t\t<\/div> \n\t\t\t\n\t\t\t\t<div id=\"ngg-image-1\" class=\"ngg-gallery-thumbnail-box ngg-3-columns\" >\n\t\t\t\t        <div class=\"ngg-gallery-thumbnail\">\n            <a href=\"https:\/\/gav.hr\/wp-content\/gallery\/klapa-gimnazijalke-ponistre-portuni-i-vrata-moga-grada-2019\/02.jpg\"\n               title=\"\"\n               data-src=\"https:\/\/gav.hr\/wp-content\/gallery\/klapa-gimnazijalke-ponistre-portuni-i-vrata-moga-grada-2019\/02.jpg\"\n               data-thumbnail=\"https:\/\/gav.hr\/wp-content\/gallery\/klapa-gimnazijalke-ponistre-portuni-i-vrata-moga-grada-2019\/thumbs\/thumbs_02.jpg\"\n               data-image-id=\"149\"\n               data-title=\"02\"\n               data-description=\"\"\n               data-image-slug=\"02-15\"\n               class=\"ngg-simplelightbox\" rel=\"0177eb63bf976629dce86eaf70fea70b\">\n                <img\n                    title=\"02\"\n                    alt=\"02\"\n                    src=\"https:\/\/gav.hr\/wp-content\/gallery\/klapa-gimnazijalke-ponistre-portuni-i-vrata-moga-grada-2019\/thumbs\/thumbs_02.jpg\"\n                    width=\"240\"\n                    height=\"160\"\n                    style=\"max-width:100%;\"\n                \/>\n            <\/a>\n        <\/div>\n\t\t\t\t\t\t\t<\/div> \n\t\t\t\n\t\t\t\t<div id=\"ngg-image-2\" class=\"ngg-gallery-thumbnail-box ngg-3-columns\" >\n\t\t\t\t        <div class=\"ngg-gallery-thumbnail\">\n            <a href=\"https:\/\/gav.hr\/wp-content\/gallery\/klapa-gimnazijalke-ponistre-portuni-i-vrata-moga-grada-2019\/03.jpg\"\n               title=\"\"\n               data-src=\"https:\/\/gav.hr\/wp-content\/gallery\/klapa-gimnazijalke-ponistre-portuni-i-vrata-moga-grada-2019\/03.jpg\"\n               data-thumbnail=\"https:\/\/gav.hr\/wp-content\/gallery\/klapa-gimnazijalke-ponistre-portuni-i-vrata-moga-grada-2019\/thumbs\/thumbs_03.jpg\"\n               data-image-id=\"150\"\n               data-title=\"03\"\n               data-description=\"\"\n               data-image-slug=\"03-14\"\n               class=\"ngg-simplelightbox\" rel=\"0177eb63bf976629dce86eaf70fea70b\">\n                <img\n                    title=\"03\"\n                    alt=\"03\"\n                    src=\"https:\/\/gav.hr\/wp-content\/gallery\/klapa-gimnazijalke-ponistre-portuni-i-vrata-moga-grada-2019\/thumbs\/thumbs_03.jpg\"\n                    width=\"240\"\n                    height=\"160\"\n                    style=\"max-width:100%;\"\n                \/>\n            <\/a>\n        <\/div>\n\t\t\t\t\t\t\t<\/div> \n\t\t\t\n\t\n\t<br style=\"clear: both\" \/>\n\n\t\n\t\t<!-- Pagination -->\n\t<div class='ngg-clear'><\/div>\t<\/div>\n\n","protected":false},"excerpt":{"rendered":"<p>Na sve\u010danom otvaranju izlo\u017ebe pod nazivom &#8220;Ponistre, portuni i vrata moga grada&#8221; autorice Jagode Sabli\u0107 dana 10.10.2019&nbsp; u Gradskoj knji\u017enici u \u0160ibeniku sudjelovala je klapa Gimnazijalke izvedbom pjesama Cetina i Nemoj \u0161iti stara majko.<\/p>\n","protected":false},"author":2,"featured_media":0,"comment_status":"closed","ping_status":"closed","sticky":false,"template":"","format":"standard","meta":{"ngg_post_thumbnail":0,"_links_to":"","_links_to_target":""},"categories":[22,8],"tags":[],"_links":{"self":[{"href":"https:\/\/gav.hr\/index.php?rest_route=\/wp\/v2\/posts\/7281"}],"collection":[{"href":"https:\/\/gav.hr\/index.php?rest_route=\/wp\/v2\/posts"}],"about":[{"href":"https:\/\/gav.hr\/index.php?rest_route=\/wp\/v2\/types\/post"}],"author":[{"embeddable":true,"href":"https:\/\/gav.hr\/index.php?rest_route=\/wp\/v2\/users\/2"}],"replies":[{"embeddable":true,"href":"https:\/\/gav.hr\/index.php?rest_route=%2Fwp%2Fv2%2Fcomments&post=7281"}],"version-history":[{"count":2,"href":"https:\/\/gav.hr\/index.php?rest_route=\/wp\/v2\/posts\/7281\/revisions"}],"predecessor-version":[{"id":7290,"href":"https:\/\/gav.hr\/index.php?rest_route=\/wp\/v2\/posts\/7281\/revisions\/7290"}],"wp:attachment":[{"href":"https:\/\/gav.hr\/index.php?rest_route=%2Fwp%2Fv2%2Fmedia&parent=7281"}],"wp:term":[{"taxonomy":"category","embeddable":true,"href":"https:\/\/gav.hr\/index.php?rest_route=%2Fwp%2Fv2%2Fcategories&post=7281"},{"taxonomy":"post_tag","embeddable":true,"href":"https:\/\/gav.hr\/index.php?rest_route=%2Fwp%2Fv2%2Ftags&post=7281"}],"curies":[{"name":"wp","href":"https:\/\/api.w.org\/{rel}","templated":true}]}}