{"id":7300,"date":"2019-10-14T12:37:17","date_gmt":"2019-10-14T10:37:17","guid":{"rendered":"http:\/\/gav.hr\/?p=7300"},"modified":"2019-10-14T12:37:35","modified_gmt":"2019-10-14T10:37:35","slug":"obavijest-o-strajku","status":"publish","type":"post","link":"https:\/\/gav.hr\/?p=7300","title":{"rendered":"Obavijest o \u0161trajku"},"content":{"rendered":"\n<p>Po\u0161tovani u\u010denici i roditelji,<\/p>\n\n\n\n<p>Sindikalne podru\u017enice \u0161kolskog sindikata Nezavisni sindikat zaposlenih u srednjim \u0161kolama i \u0161kolskog sindikata Preporod u Gimnaziji Antuna Vran\u010di\u0107a najavile su \u0161trajk za 15. listopada 2019. Zbog najavljenog \u0161trajka nije mogu\u0107e organizirati redovnu nastavu.<\/p>\n\n\n\n<p>Nastava se u srijedu, 16. listopada 2019., odvija prema redovnom rasporedu sati.<\/p>\n\n\n\n<p>Svi upiti roditelja i u\u010denika mogu se uputiti na tajnika \u0161kole kao\nkontakt osobe koja je zadu\u017eena za pru\u017eanje svih informacija vezanih uz organizaciju\nnastave:<\/p>\n\n\n\n<p>Tajnik \u0161kole: Mario Bo\u017eikov, dipl. iur.<\/p>\n\n\n\n<p>Telefon : 022\/213-276<\/p>\n\n\n\n<p>E-mail \u0161kole : <a href=\"<script>MailGuard('gimnazija','gav.hr')<\/script>\"><script>MailGuard('gimnazija','gav.hr')<\/script><\/a><\/p>\n","protected":false},"excerpt":{"rendered":"<p>Po\u0161tovani u\u010denici i roditelji, Sindikalne podru\u017enice \u0161kolskog sindikata Nezavisni sindikat zaposlenih u srednjim \u0161kolama i \u0161kolskog sindikata Preporod u Gimnaziji Antuna Vran\u010di\u0107a najavile su \u0161trajk za 15. listopada 2019. Zbog najavljenog \u0161trajka nije mogu\u0107e organizirati redovnu nastavu. Nastava se u srijedu, 16. listopada 2019., odvija prema redovnom rasporedu sati. Svi upiti roditelja i u\u010denika mogu&hellip;<\/p>\n","protected":false},"author":2,"featured_media":0,"comment_status":"closed","ping_status":"closed","sticky":false,"template":"","format":"standard","meta":{"ngg_post_thumbnail":0,"_links_to":"","_links_to_target":""},"categories":[8],"tags":[],"_links":{"self":[{"href":"https:\/\/gav.hr\/index.php?rest_route=\/wp\/v2\/posts\/7300"}],"collection":[{"href":"https:\/\/gav.hr\/index.php?rest_route=\/wp\/v2\/posts"}],"about":[{"href":"https:\/\/gav.hr\/index.php?rest_route=\/wp\/v2\/types\/post"}],"author":[{"embeddable":true,"href":"https:\/\/gav.hr\/index.php?rest_route=\/wp\/v2\/users\/2"}],"replies":[{"embeddable":true,"href":"https:\/\/gav.hr\/index.php?rest_route=%2Fwp%2Fv2%2Fcomments&post=7300"}],"version-history":[{"count":2,"href":"https:\/\/gav.hr\/index.php?rest_route=\/wp\/v2\/posts\/7300\/revisions"}],"predecessor-version":[{"id":7302,"href":"https:\/\/gav.hr\/index.php?rest_route=\/wp\/v2\/posts\/7300\/revisions\/7302"}],"wp:attachment":[{"href":"https:\/\/gav.hr\/index.php?rest_route=%2Fwp%2Fv2%2Fmedia&parent=7300"}],"wp:term":[{"taxonomy":"category","embeddable":true,"href":"https:\/\/gav.hr\/index.php?rest_route=%2Fwp%2Fv2%2Fcategories&post=7300"},{"taxonomy":"post_tag","embeddable":true,"href":"https:\/\/gav.hr\/index.php?rest_route=%2Fwp%2Fv2%2Ftags&post=7300"}],"curies":[{"name":"wp","href":"https:\/\/api.w.org\/{rel}","templated":true}]}}