{"id":7656,"date":"2019-11-15T00:35:12","date_gmt":"2019-11-14T22:35:12","guid":{"rendered":"http:\/\/gav.hr\/?p=7656"},"modified":"2019-11-28T00:40:52","modified_gmt":"2019-11-27T22:40:52","slug":"nastavak-edukacija-o-poduzetnistvu-i-odrzivom-razvoju","status":"publish","type":"post","link":"https:\/\/gav.hr\/?p=7656","title":{"rendered":"Nastavak edukacija o poduzetni\u0161tvu i odr\u017eivom razvoju"},"content":{"rendered":"\n<p>U \u0161kolskoj godini 2019.\/20. nastavljamo s provedbom\naktivnosti u sklopu programa \u201eSinergija odr\u017eivog razvoja i poduzetni\u010dke\naktivnosti u \u0161kolskim klupama\u201c. Cilj projekta je u\u010diti djecu poduzetni\u010dki razmi\u0161ljati ve\u0107 u \u0161kolskoj dobi i na\u010dinu poslovanja koji uva\u017eava dru\u0161tveno odgovorno poslovanje i odr\u017eivi razvoj. Projekt provodimo u \u010detiri osnovne i \u010detiri srednje \u0161kole.<strong><!--more Vi\u0161e--><\/strong><\/p>\n\n\n\n<p>Sudjeluju\u0107i u aktivnostima djeca \u0107e debatirati, gledati\nfilmove, izra\u0111ivati uporabne proizvode od iskoristivog materijala te\nsudjelovati u radionicama o usvajanju konkretnih poslovnih vje\u0161tina koje su\nneophodne za poduzetni\u0161tvo uzimaju\u0107i u obzir odr\u017eivi razvoj. Na ovakav na\u010din\nu\u010denici \u0107e upoznati cijeli proizvodni proces i raditi na brendiranju istih. <\/p>\n\n\n\n<p>Projektom smo usmjereni na razvoj poduzetni\u010dkih vje\u0161tina kod\nu\u010denika kroz razli\u010dite prakti\u010dne i iskustvene aktivnosti s ciljem da\npromi\u0161ljaju o za\u0161titi okoli\u0161a, dru\u0161tveno odgovornom poslovanju, odgovornoj\nproizvodnji kao i o odgovornom pristupu radu op\u0107enito. <\/p>\n\n\n\n<p>Program \u201eSinergija odr\u017eivog razvoja i poduzetni\u010dke\naktivnosti u \u0161kolskim klupama\u201c sufinanciran je od strane Ureda za udruge Vlade\nRepublike Hrvatske kroz \u0160vicarsko-hrvatski program suradnje.<\/p>\n\n\n\n<p><em>Stajali\u0161ta\nizra\u017eena u ovoj obavijesti isklju\u010diva su odgovornost Centra za edukaciju i\nsavjetovanje Sunce i ne odra\u017eavaju nu\u017eno stajali\u0161te Ureda za udruge Vlade\nRepublike Hrvatske.<\/em><\/p>\n\n\n\n<figure class=\"wp-block-image\"><img src=\"http:\/\/gav.hr\/wp-content\/uploads\/2019\/04\/Projekt_Sinergija_logo-1024x185.jpg\" alt=\"logo CH-HR Vlada RH Sunce\"\/><\/figure>\n","protected":false},"excerpt":{"rendered":"<p>U \u0161kolskoj godini 2019.\/20. nastavljamo s provedbom aktivnosti u sklopu programa \u201eSinergija odr\u017eivog razvoja i poduzetni\u010dke aktivnosti u \u0161kolskim klupama\u201c. Cilj projekta je u\u010diti djecu poduzetni\u010dki razmi\u0161ljati ve\u0107 u \u0161kolskoj dobi i na\u010dinu poslovanja koji uva\u017eava dru\u0161tveno odgovorno poslovanje i odr\u017eivi razvoj. Projekt provodimo u \u010detiri osnovne i \u010detiri srednje \u0161kole.<\/p>\n","protected":false},"author":2,"featured_media":0,"comment_status":"closed","ping_status":"closed","sticky":false,"template":"","format":"standard","meta":{"ngg_post_thumbnail":0,"_links_to":"","_links_to_target":""},"categories":[21],"tags":[],"_links":{"self":[{"href":"https:\/\/gav.hr\/index.php?rest_route=\/wp\/v2\/posts\/7656"}],"collection":[{"href":"https:\/\/gav.hr\/index.php?rest_route=\/wp\/v2\/posts"}],"about":[{"href":"https:\/\/gav.hr\/index.php?rest_route=\/wp\/v2\/types\/post"}],"author":[{"embeddable":true,"href":"https:\/\/gav.hr\/index.php?rest_route=\/wp\/v2\/users\/2"}],"replies":[{"embeddable":true,"href":"https:\/\/gav.hr\/index.php?rest_route=%2Fwp%2Fv2%2Fcomments&post=7656"}],"version-history":[{"count":3,"href":"https:\/\/gav.hr\/index.php?rest_route=\/wp\/v2\/posts\/7656\/revisions"}],"predecessor-version":[{"id":7660,"href":"https:\/\/gav.hr\/index.php?rest_route=\/wp\/v2\/posts\/7656\/revisions\/7660"}],"wp:attachment":[{"href":"https:\/\/gav.hr\/index.php?rest_route=%2Fwp%2Fv2%2Fmedia&parent=7656"}],"wp:term":[{"taxonomy":"category","embeddable":true,"href":"https:\/\/gav.hr\/index.php?rest_route=%2Fwp%2Fv2%2Fcategories&post=7656"},{"taxonomy":"post_tag","embeddable":true,"href":"https:\/\/gav.hr\/index.php?rest_route=%2Fwp%2Fv2%2Ftags&post=7656"}],"curies":[{"name":"wp","href":"https:\/\/api.w.org\/{rel}","templated":true}]}}