{"id":797,"date":"2013-05-05T19:04:47","date_gmt":"2013-05-05T19:04:47","guid":{"rendered":"http:\/\/gav.hr\/?p=797"},"modified":"2013-05-05T19:04:47","modified_gmt":"2013-05-05T19:04:47","slug":"lidrano-2013","status":"publish","type":"post","link":"https:\/\/gav.hr\/?p=797","title":{"rendered":"Lidrano 2013"},"content":{"rendered":"<p>I ove je godine na\u0161a \u0161kola bila uspje\u0161na u jezi\u010dnom stvarala\u0161tvu. Dr\u017eavna smotra literarnog, dramskog i novinarskog stvarala\u0161tva Lidrano 2013. odr\u017eala se od 9. do 11. 4. u Primo\u0161tenu. Na smotru se svake godine pozivaju najbolji radovi iz cijele Hrvatske, i to svega 15 radova u pisanim kategorijama, a Gimnazija Antuna Vran\u010di\u0107a sudjelovala je u dvjema kategorijama: novinarsko stvarala\u0161tvo &#8211; \u0161kolski list Pegla, koji ure\u0111uje u\u010denica 3. c razreda Dora Bumber pod mentorstvom Mile Kundajica, prof. i literarno stvarala\u0161tvo &#8211; pri\u010da \u017dupnik, koju je napisao u\u010denik 1. e razreda Matija Brki\u0107, pod mentorstvom Danijele Grubi\u0161i\u0107, prof. U\u010denici i njihovi mentori dobili su priznanja za svoj rad, \u0161to je i priznanje \u0161koli koja svake godine iznjedri vi\u0161e desetaka darovitih u\u010denika.<\/p>\n<p><a href=\"http:\/\/gav.hr\/wp-content\/uploads\/2013\/05\/20130410_121514.jpg\"><img loading=\"lazy\" class=\"alignnone size-medium wp-image-798\" alt=\"20130410_121514\" src=\"http:\/\/gav.hr\/wp-content\/uploads\/2013\/05\/20130410_121514-300x225.jpg\" width=\"300\" height=\"225\" \/><\/a><a href=\"http:\/\/gav.hr\/wp-content\/uploads\/2013\/05\/20130410_122311.jpg\">\u00a0\u00a0\u00a0\u00a0\u00a0\u00a0\u00a0\u00a0\u00a0\u00a0\u00a0 <img loading=\"lazy\" class=\"alignnone size-medium wp-image-799\" alt=\"20130410_122311\" src=\"http:\/\/gav.hr\/wp-content\/uploads\/2013\/05\/20130410_122311-300x225.jpg\" width=\"300\" height=\"225\" \/><\/a><\/p>\n","protected":false},"excerpt":{"rendered":"<p>I ove je godine na\u0161a \u0161kola bila uspje\u0161na u jezi\u010dnom stvarala\u0161tvu. Dr\u017eavna smotra literarnog, dramskog i novinarskog stvarala\u0161tva Lidrano 2013. odr\u017eala se od 9. do 11. 4. u Primo\u0161tenu. Na smotru se svake godine pozivaju najbolji radovi iz cijele Hrvatske, i to svega 15 radova u pisanim kategorijama, a Gimnazija Antuna Vran\u010di\u0107a sudjelovala je u&hellip;<\/p>\n","protected":false},"author":2,"featured_media":0,"comment_status":"closed","ping_status":"closed","sticky":false,"template":"","format":"standard","meta":{"ngg_post_thumbnail":0,"_links_to":"","_links_to_target":""},"categories":[6,8],"tags":[],"_links":{"self":[{"href":"https:\/\/gav.hr\/index.php?rest_route=\/wp\/v2\/posts\/797"}],"collection":[{"href":"https:\/\/gav.hr\/index.php?rest_route=\/wp\/v2\/posts"}],"about":[{"href":"https:\/\/gav.hr\/index.php?rest_route=\/wp\/v2\/types\/post"}],"author":[{"embeddable":true,"href":"https:\/\/gav.hr\/index.php?rest_route=\/wp\/v2\/users\/2"}],"replies":[{"embeddable":true,"href":"https:\/\/gav.hr\/index.php?rest_route=%2Fwp%2Fv2%2Fcomments&post=797"}],"version-history":[{"count":1,"href":"https:\/\/gav.hr\/index.php?rest_route=\/wp\/v2\/posts\/797\/revisions"}],"predecessor-version":[{"id":801,"href":"https:\/\/gav.hr\/index.php?rest_route=\/wp\/v2\/posts\/797\/revisions\/801"}],"wp:attachment":[{"href":"https:\/\/gav.hr\/index.php?rest_route=%2Fwp%2Fv2%2Fmedia&parent=797"}],"wp:term":[{"taxonomy":"category","embeddable":true,"href":"https:\/\/gav.hr\/index.php?rest_route=%2Fwp%2Fv2%2Fcategories&post=797"},{"taxonomy":"post_tag","embeddable":true,"href":"https:\/\/gav.hr\/index.php?rest_route=%2Fwp%2Fv2%2Ftags&post=797"}],"curies":[{"name":"wp","href":"https:\/\/api.w.org\/{rel}","templated":true}]}}