{"id":8023,"date":"2020-05-29T14:18:43","date_gmt":"2020-05-29T12:18:43","guid":{"rendered":"http:\/\/gav.hr\/?p=8023"},"modified":"2020-05-29T14:18:45","modified_gmt":"2020-05-29T12:18:45","slug":"poziv-na-9-sjednicu-nv","status":"publish","type":"post","link":"https:\/\/gav.hr\/?p=8023","title":{"rendered":"Poziv na 9. sjednicu NV"},"content":{"rendered":"\n<p><strong>Sjednica Nastavni\u010dkog vije\u0107a odr\u017eat \u0107e se 1. lipnja 2020. (ponedjeljak) u 12:45 sati u gornjoj sportskoj dvorani. <\/strong><\/p>\n\n\n\n<p><a href=\"http:\/\/gav.hr\/wp-content\/uploads\/2020\/05\/poziv-na-9.-sjednicu-N.V.-2019.docx\">POZIV<\/a><\/p>\n","protected":false},"excerpt":{"rendered":"<p>Sjednica Nastavni\u010dkog vije\u0107a odr\u017eat \u0107e se 1. lipnja 2020. (ponedjeljak) u 12:45 sati u gornjoj sportskoj dvorani. POZIV<\/p>\n","protected":false},"author":2,"featured_media":0,"comment_status":"closed","ping_status":"closed","sticky":false,"template":"","format":"standard","meta":{"ngg_post_thumbnail":0,"_links_to":"","_links_to_target":""},"categories":[8],"tags":[],"_links":{"self":[{"href":"https:\/\/gav.hr\/index.php?rest_route=\/wp\/v2\/posts\/8023"}],"collection":[{"href":"https:\/\/gav.hr\/index.php?rest_route=\/wp\/v2\/posts"}],"about":[{"href":"https:\/\/gav.hr\/index.php?rest_route=\/wp\/v2\/types\/post"}],"author":[{"embeddable":true,"href":"https:\/\/gav.hr\/index.php?rest_route=\/wp\/v2\/users\/2"}],"replies":[{"embeddable":true,"href":"https:\/\/gav.hr\/index.php?rest_route=%2Fwp%2Fv2%2Fcomments&post=8023"}],"version-history":[{"count":1,"href":"https:\/\/gav.hr\/index.php?rest_route=\/wp\/v2\/posts\/8023\/revisions"}],"predecessor-version":[{"id":8025,"href":"https:\/\/gav.hr\/index.php?rest_route=\/wp\/v2\/posts\/8023\/revisions\/8025"}],"wp:attachment":[{"href":"https:\/\/gav.hr\/index.php?rest_route=%2Fwp%2Fv2%2Fmedia&parent=8023"}],"wp:term":[{"taxonomy":"category","embeddable":true,"href":"https:\/\/gav.hr\/index.php?rest_route=%2Fwp%2Fv2%2Fcategories&post=8023"},{"taxonomy":"post_tag","embeddable":true,"href":"https:\/\/gav.hr\/index.php?rest_route=%2Fwp%2Fv2%2Ftags&post=8023"}],"curies":[{"name":"wp","href":"https:\/\/api.w.org\/{rel}","templated":true}]}}