{"id":8028,"date":"2020-05-29T14:21:04","date_gmt":"2020-05-29T12:21:04","guid":{"rendered":"http:\/\/gav.hr\/?p=8028"},"modified":"2020-05-29T14:21:06","modified_gmt":"2020-05-29T12:21:06","slug":"poziv-na-34-sjednicu-skolskog-odbora","status":"publish","type":"post","link":"https:\/\/gav.hr\/?p=8028","title":{"rendered":"Poziv na 34. sjednicu \u0161kolskog odbora"},"content":{"rendered":"\n<p><strong>Sjednica \u0160kolskog odbora odr\u017eat \u0107e se 2. 6. 2020.\u00a0 (utorak)\u00a0 s po\u010detkom u 10:00 sati u uredu ravnatelja. <\/strong><\/p>\n\n\n\n<p><a href=\"http:\/\/gav.hr\/wp-content\/uploads\/2020\/05\/Poziv-na-34.-sjednicu-\u0160.O..docx\">POZIV<\/a><\/p>\n","protected":false},"excerpt":{"rendered":"<p>Sjednica \u0160kolskog odbora odr\u017eat \u0107e se 2. 6. 2020.\u00a0 (utorak)\u00a0 s po\u010detkom u 10:00 sati u uredu ravnatelja. POZIV<\/p>\n","protected":false},"author":2,"featured_media":0,"comment_status":"closed","ping_status":"closed","sticky":false,"template":"","format":"standard","meta":{"ngg_post_thumbnail":0,"_links_to":"","_links_to_target":""},"categories":[8],"tags":[],"_links":{"self":[{"href":"https:\/\/gav.hr\/index.php?rest_route=\/wp\/v2\/posts\/8028"}],"collection":[{"href":"https:\/\/gav.hr\/index.php?rest_route=\/wp\/v2\/posts"}],"about":[{"href":"https:\/\/gav.hr\/index.php?rest_route=\/wp\/v2\/types\/post"}],"author":[{"embeddable":true,"href":"https:\/\/gav.hr\/index.php?rest_route=\/wp\/v2\/users\/2"}],"replies":[{"embeddable":true,"href":"https:\/\/gav.hr\/index.php?rest_route=%2Fwp%2Fv2%2Fcomments&post=8028"}],"version-history":[{"count":1,"href":"https:\/\/gav.hr\/index.php?rest_route=\/wp\/v2\/posts\/8028\/revisions"}],"predecessor-version":[{"id":8029,"href":"https:\/\/gav.hr\/index.php?rest_route=\/wp\/v2\/posts\/8028\/revisions\/8029"}],"wp:attachment":[{"href":"https:\/\/gav.hr\/index.php?rest_route=%2Fwp%2Fv2%2Fmedia&parent=8028"}],"wp:term":[{"taxonomy":"category","embeddable":true,"href":"https:\/\/gav.hr\/index.php?rest_route=%2Fwp%2Fv2%2Fcategories&post=8028"},{"taxonomy":"post_tag","embeddable":true,"href":"https:\/\/gav.hr\/index.php?rest_route=%2Fwp%2Fv2%2Ftags&post=8028"}],"curies":[{"name":"wp","href":"https:\/\/api.w.org\/{rel}","templated":true}]}}