{"id":8030,"date":"2020-05-30T12:34:59","date_gmt":"2020-05-30T10:34:59","guid":{"rendered":"http:\/\/gav.hr\/?p=8030"},"modified":"2020-05-30T12:35:01","modified_gmt":"2020-05-30T10:35:01","slug":"dan-skole","status":"publish","type":"post","link":"https:\/\/gav.hr\/?p=8030","title":{"rendered":"Dan \u0161kole"},"content":{"rendered":"\n<p>Iako ove godine Dan \u0161kole nismo mogli obilje\u017eiti dodjelom nagrada Antun kao i ina\u010de, ipak smo odlu\u010dili kratkim videom,koji su nam pripremili Petra Lena Skelin i Lovro Urem prikazati dio onoga \u010dime smo se bavili ove \u0161kolske godine.<\/p>\n\n\n\n<p>U nadi da \u0107emo dodjelu Antuna odr\u017eati ove jeseni, svim u\u010denicima i djelatnicima \u010destitamo Dan \u0161kole i Dan dr\u017eavnosti!<\/p>\n\n\n\n<p>Vidimo se u rujnu u punom sastavu!<\/p>\n\n\n\n<p>Zoran Smoli\u0107, ravnatelj<\/p>\n\n\n\n<p><a href=\"https:\/\/www.facebook.com\/422320341184116\/videos\/175783140521203\/\">VIDEO<\/a><\/p>\n","protected":false},"excerpt":{"rendered":"<p>Iako ove godine Dan \u0161kole nismo mogli obilje\u017eiti dodjelom nagrada Antun kao i ina\u010de, ipak smo odlu\u010dili kratkim videom,koji su nam pripremili Petra Lena Skelin i Lovro Urem prikazati dio onoga \u010dime smo se bavili ove \u0161kolske godine. U nadi da \u0107emo dodjelu Antuna odr\u017eati ove jeseni, svim u\u010denicima i djelatnicima \u010destitamo Dan \u0161kole i&hellip;<\/p>\n","protected":false},"author":2,"featured_media":0,"comment_status":"closed","ping_status":"closed","sticky":false,"template":"","format":"standard","meta":{"ngg_post_thumbnail":0,"_links_to":"","_links_to_target":""},"categories":[8],"tags":[],"_links":{"self":[{"href":"https:\/\/gav.hr\/index.php?rest_route=\/wp\/v2\/posts\/8030"}],"collection":[{"href":"https:\/\/gav.hr\/index.php?rest_route=\/wp\/v2\/posts"}],"about":[{"href":"https:\/\/gav.hr\/index.php?rest_route=\/wp\/v2\/types\/post"}],"author":[{"embeddable":true,"href":"https:\/\/gav.hr\/index.php?rest_route=\/wp\/v2\/users\/2"}],"replies":[{"embeddable":true,"href":"https:\/\/gav.hr\/index.php?rest_route=%2Fwp%2Fv2%2Fcomments&post=8030"}],"version-history":[{"count":1,"href":"https:\/\/gav.hr\/index.php?rest_route=\/wp\/v2\/posts\/8030\/revisions"}],"predecessor-version":[{"id":8031,"href":"https:\/\/gav.hr\/index.php?rest_route=\/wp\/v2\/posts\/8030\/revisions\/8031"}],"wp:attachment":[{"href":"https:\/\/gav.hr\/index.php?rest_route=%2Fwp%2Fv2%2Fmedia&parent=8030"}],"wp:term":[{"taxonomy":"category","embeddable":true,"href":"https:\/\/gav.hr\/index.php?rest_route=%2Fwp%2Fv2%2Fcategories&post=8030"},{"taxonomy":"post_tag","embeddable":true,"href":"https:\/\/gav.hr\/index.php?rest_route=%2Fwp%2Fv2%2Ftags&post=8030"}],"curies":[{"name":"wp","href":"https:\/\/api.w.org\/{rel}","templated":true}]}}